{"id":97,"date":"2023-04-08T12:33:45","date_gmt":"2023-04-08T10:33:45","guid":{"rendered":"http:\/\/proxiscope.ricod.net\/?p=97"},"modified":"2024-06-14T13:31:04","modified_gmt":"2024-06-14T11:31:04","slug":"inspiration-valeurs-et-co-creation-des-metiers-dart","status":"publish","type":"post","link":"https:\/\/proxiscope.ricod.net\/index.php\/2023\/04\/08\/inspiration-valeurs-et-co-creation-des-metiers-dart\/","title":{"rendered":"Inspiration, valeurs et co-cr\u00e9ation des m\u00e9tiers d&#8217;art"},"content":{"rendered":"<figure class=\"wp-block-post-featured-image\"><img width=\"828\" height=\"461\" src=\"https:\/\/proxiscope.ricod.net\/wp-content\/uploads\/2023\/04\/IMG_D97F1E1A0791-1.jpeg\" class=\"attachment-post-thumbnail size-post-thumbnail wp-post-image\" alt=\"Inspiration, valeurs et co-cr\u00e9ation des m\u00e9tiers d&#8217;art\" loading=\"lazy\" srcset=\"https:\/\/proxiscope.ricod.net\/wp-content\/uploads\/2023\/04\/IMG_D97F1E1A0791-1.jpeg 828w, https:\/\/proxiscope.ricod.net\/wp-content\/uploads\/2023\/04\/IMG_D97F1E1A0791-1-300x167.jpeg 300w, https:\/\/proxiscope.ricod.net\/wp-content\/uploads\/2023\/04\/IMG_D97F1E1A0791-1-768x428.jpeg 768w\" sizes=\"(max-width: 828px) 100vw, 828px\" \/><\/figure>\n\n\n<hr class=\"wp-block-separator has-alpha-channel-opacity\"\/>\n\n\n\n<p>Cette-fois ci, le Proxiscope vous emm\u00e8ne \u00e0 la rencontre des artisans d&#8217;art qui ont expos\u00e9 lors des Journ\u00e9es Europ\u00e9ennes des M\u00e9tiers d&#8217;Art. Ces derni\u00e8res se d\u00e9roulaient du 30 mars au 2 avril 2023 \u00e0 Ch\u00e2teauroux, pour la premi\u00e8re fois au Couvent des Cordeliers. Ce plus de 2000 visiteurs qui ont pu d\u00e9couvrir les cr\u00e9ations artisanales de 20 artisans d&#8217;art. Etaient ainsi pr\u00e9sent\u00e9s, dans cet \u00e9difice du XIIIe si\u00e8cle situ\u00e9 tout pr\u00e8s de l&#8217;Ecole des Beaux-Arts, diff\u00e9rents m\u00e9tiers d&#8217;art allant de la reliure aux carreaux ciment d&#8217;art. Lors de notre visite, en pleine inauguration de l&#8217;\u00e9v\u00e8nement, ce sont les &#8220;scolaires&#8221; qui sont invit\u00e9s \u00e0 d\u00e9couvrir les cr\u00e9ations comme les m\u00e9tiers de l&#8217;artisanat d&#8217;art. <strong>Au milieu de groupes d&#8217;\u00e2ges vari\u00e9s, des artisans et des \u00e9lus du territoire, nous vous proposons de comprendre comment les m\u00e9tiers \u00e9voluent et tissent de nouvelles relations entre le savoir-faire, la cr\u00e9ation, leur liens avec le public et leur territoire. <\/strong><\/p>\n\n\n\n<p>Pour commencer, d\u00e9couvrez vous aussi les cr\u00e9ations expos\u00e9es aux JEMA en images ci-dessous.<\/p>\n\n\n\n<figure class=\"wp-block-embed is-type-video is-provider-youtube wp-block-embed-youtube wp-embed-aspect-16-9 wp-has-aspect-ratio\"><div class=\"wp-block-embed__wrapper\">\n<div class=\"video-container\"><iframe loading=\"lazy\" title=\"Inspiration, valeurs et co-creation aux Journ\u00e9es Europ\u00e9ennes des M\u00e9tiers d&#039;Art\" width=\"740\" height=\"416\" src=\"https:\/\/www.youtube.com\/embed\/YC2IwAlEvZE?feature=oembed\" frameborder=\"0\" allow=\"accelerometer; autoplay; clipboard-write; encrypted-media; gyroscope; picture-in-picture; web-share\" referrerpolicy=\"strict-origin-when-cross-origin\" allowfullscreen><\/iframe><\/div>\n<\/div><\/figure>\n\n\n\n<hr class=\"wp-block-separator has-alpha-channel-opacity\"\/>\n\n\n\n<h2>Quelles inspirations pour les m\u00e9tiers d&#8217;art ?<\/h2>\n\n\n\n<figure class=\"wp-block-pullquote\"><blockquote><p> &#8220;Je m&#8217;inspire des lignes que je peux trouver en architecture pour m&#8217;amuser \u00e0 restructurer la couverture des fauteuils par exemple&#8221;<\/p><cite>Audrey Siffredi, artisane d&#8217;art<\/cite><\/blockquote><\/figure>\n\n\n\n<p>Les \u00e9v\u00e8nements comme les JEMA sont avant tout des lieux de rencontres : les artisans s&#8217;y retrouvent et pr\u00e9sentent leurs cr\u00e9ations, leur travail. Sur plusieurs stands, des d\u00e9monstrations sont m\u00eames organis\u00e9es : le &#8220;geste&#8221; appara\u00eet comme intimement li\u00e9 \u00e0 la &#8220;vitrine&#8221;, et l&#8217;artisan &#8220;faisant&#8221; continue \u00e0 nous parler de lui, de son activit\u00e9, et de l&#8217;importance de son m\u00e9tier. Dans leurs \u00e9changes, les artisans expliquent le parcours d&#8217;une oeuvre. L&#8217;histoire commence souvent avec la commande d&#8217;un client dont ils connaissent les attentes mais \u00e9galement les habitudes et styles de vie. Place ensuite \u00e0 la cr\u00e9ation jusqu&#8217;\u00e0 \u00e0 l&#8217;exposition et le partage de leur travail. Dans ce parcours, se succ\u00e8dent diff\u00e9rents espaces, de l&#8217;atelier et aux lieux d&#8217;expositions, qui redessinent les liens avec une client\u00e8le, un public, des coop\u00e9rations avec d&#8217;autres artisans. Pour mieux comprendre le processus de cr\u00e9ation dans ce parcours, nous demandons \u00e0 deux artisans d&#8217;art quelles sont leurs sources d&#8217;inspiration.<\/p>\n\n\n\n<p>&#8220;Tout&#8221;, nous r\u00e9pond Audrey Siffredi, tapissi\u00e8re d&#8217;ameublement \u00e0 Ch\u00e2teauroux, qui pratique le design d&#8217;espace et la tapisserie d&#8217;ameublement. &#8220;Je m&#8217;inspire des lignes que je peux trouver en architecture pour m&#8217;amuser \u00e0 restructurer la couverture des fauteuils par exemple&#8221;, continue-t-elle. Pour Olivier Baguet, encadreur depuis quarante ans, c&#8217;est l&#8217;oeuvre du client qui donne le point de d\u00e9part de la cr\u00e9ation. Comme il l&#8217;explique, &#8220;ma seule source d&#8217;inspiration c&#8217;est l&#8217;oeuvre que le client m&#8217;am\u00e8ne, une photo, une gravure, un dessin d&#8217;enfant&#8221;. Dans un m\u00e9tier d&#8217;art, il y a donc un lien entre la commande et l&#8217;inspiration. Pour comprendre ce lien, nous nous int\u00e9ressons aux valeurs, aux espaces et \u00e0 la coop\u00e9ration qui se jouent dans la production artisanal d&#8217;un objet d&#8217;art.<\/p>\n\n\n\n<hr class=\"wp-block-separator has-alpha-channel-opacity\"\/>\n\n\n\n<h2>Quelles valeurs d\u00e9fendent ces cr\u00e9ations ?<\/h2>\n\n\n\n<p>La place des valeurs permet de comprendre ce qui relie la commande d&#8217;un client et l&#8217;inspiration des artisans : ensemble, que cherchent-ils \u00e0 exprimer ? C&#8217;est une approche sp\u00e9cifique au Proxiscope, issue du programme FabCVL qui \u00e9labore des m\u00e9thodes et outils de travail cr\u00e9atif et innovant pour l&#8217;artisanat. Selon cette approche, dans la transition que repr\u00e9sente la cr\u00e9ation d&#8217;une oeuvre, artisans, clients et partenaires vont mobiliser : des valeurs et un imaginaire commun, des espaces et lieux de cr\u00e9ation, un r\u00e9seau de connaissances et ressources. Nous d\u00e9cryptons donc avec nos artisans d&#8217;art les &#8220;valeurs-ressources&#8221; et &#8220;imaginaire commun&#8221; pr\u00e9sent\u00e9s par leur travail sur commande des clients.<\/p>\n\n\n\n<figure class=\"wp-block-pullquote\"><blockquote><p>&#8220;La premi\u00e8re chose, dans notre m\u00e9tier, c&#8217;est de prot\u00e9ger et pr\u00e9server&#8221;<\/p><cite>Olivier Baguet, Artisan d&#8217;ART<\/cite><\/blockquote><\/figure>\n\n\n\n<p>Pour Audrey, il s&#8217;agit avant tout de &#8220;respect&#8221;. Selon elle, &#8220;que ce soit pour les collaborateurs ou les clients, il faut \u00eatre attentif \u00e0 leurs besoins, pouvoir les \u00e9couter et leur apporter des r\u00e9ponses.&#8221; Pour cela, veiller \u00e0 la mont\u00e9e en comp\u00e9tences des collaborateurs et entourer les clients participe \u00e0 cr\u00e9er de la confiance selon l&#8217;artisane d&#8217;art. Pour Olivier, la place de la cr\u00e9ativit\u00e9 s&#8217;inscrit \u00e9galement dans une notion de respect. Comme il l&#8217;explique, &#8220;la premi\u00e8re chose dans notre m\u00e9tier, c&#8217;est de prot\u00e9ger et pr\u00e9server&#8221;. <\/p>\n\n\n\n<p>Si les modes de production ont pu \u00e9voluer et pour gagner en rapidit\u00e9, des gestes et usages traditionnels demeurent. Si le num\u00e9rique impacte le travail de cr\u00e9ation et de communication d&#8217;Audrey qui utilise les r\u00e9seaux sociaux pour valoriser ses cr\u00e9ations, il ne repr\u00e9sente qu&#8217;une activit\u00e9 annexe pour Olivier. Selon lui, dans son m\u00e9tier, c&#8217;est le &#8220;bouche \u00e0 oreille&#8221; qui fonctionne le mieux. En encadrant des oeuvres, son travail communique de lui-m\u00eame : cr\u00e9ateurs de bande dessin\u00e9es, artistes peintres, photographes se font ainsi porte-parole de son art. Nous retrouvons dans ce parcours de cr\u00e9ation la volont\u00e9 partag\u00e9e par le client et l&#8217;artisan de pr\u00e9server l&#8217;identit\u00e9 de l&#8217;oeuvre prot\u00e9g\u00e9e (valeur ressource) pour que le travail final repr\u00e9sente \u00e0 la fois une qualit\u00e9 de savoir-faire et la personnalit\u00e9 du client, traditionnelle ou moderne (imaginaire commun).<\/p>\n\n\n\n<hr class=\"wp-block-separator has-alpha-channel-opacity\"\/>\n\n\n\n<h2>Des liens de proximit\u00e9<\/h2>\n\n\n\n<p>Nous comprenons alors que la cr\u00e9ativit\u00e9 des artisans d&#8217;art se nourrit d&#8217;une forme de convivialit\u00e9, un ensemble de rencontres, discussions, \u00e9changes, o\u00f9 le client et l&#8217;artisan tissent ensemble des liens et des connaissances qui participe au travail de l&#8217;artisan d&#8217;art. C&#8217;est d&#8217;ailleurs l&#8217;une des attentes des artisans pour les \u00e9v\u00e8nements comme les JEMA : non seulement permettre l&#8217;exposition, mais \u00e9galement la discussion et la d\u00e9monstration, comme gage de respect des savoirs faire et d&#8217;\u00e9coute des besoins, ou des tendances en \u00e9changeant avec d&#8217;autres artisans.<\/p>\n\n\n\n<p>Ainsi, les cadres d&#8217;Olivier sont expos\u00e9s directement chez les artistes qui travaillent avec lui, \u00e9tendant ou fusionnant les espaces d&#8217;exposition de son travail avec ceux de ses clients. Audrey travaille \u00e9galement avec d&#8217;autres professionnels et artisans, &#8220;j&#8217;adore \u00e7a, c&#8217;est source de cr\u00e9ation et d&#8217;\u00e9changes de technique&#8221;, comme elle l&#8217;explique. Eb\u00e9nisterie, dorure, diff\u00e9rents corps de m\u00e9tiers peuvent intervenir dans ses cr\u00e9ations. D&#8217;ailleurs, lors de cette exposition, elle rep\u00e8re le travail d&#8217;une artisane vanni\u00e8re qui lui inspire de nouvelles id\u00e9es.<\/p>\n\n\n\n<p>C&#8217;est bien cette proximit\u00e9 relationnelle, qui devient dans ce parcours une relation de service et rend l&#8217;innovation et la coop\u00e9ration des artisans si sp\u00e9cifique. Choisir le crin plut\u00f4t que la mousse moderne qui se d\u00e9t\u00e9riore rapidement pour favoriser des mat\u00e9riaux traditionnels et durables, choisir l&#8217;humain plut\u00f4t que le num\u00e9rique pour favoriser des \u00e9changes riches n\u00e9cessaires \u00e0 la cr\u00e9ation, ce m\u00e9lange de traditions et de modernit\u00e9 nous ram\u00e8ne \u00e0 une innovation frugale, simple et engag\u00e9e, que nous ne manquerons pas d&#8217;explorer plus avant dans la suite de notre enqu\u00eate.<\/p>\n\n\n\n<p>Notre d\u00e9couverte des territoires projets de l&#8217;artisanat continue bient\u00f4t avec les r\u00e9cits de transition des participants du programme FabCVL. Suivez-nous pour les d\u00e9couvrir !<\/p>\n\n\n\n<p>Pour nous suivre, <a href=\"https:\/\/mastodon.top\/@proxiscope\" target=\"_blank\" rel=\"noreferrer noopener\">prenez la voie libre<\/a>.<\/p>\n","protected":false},"excerpt":{"rendered":"<p>Cette-fois ci, le Proxiscope vous emm\u00e8ne \u00e0 la rencontre des artisans d&#8217;art qui ont expos\u00e9 lors des Journ\u00e9es Europ\u00e9ennes des M\u00e9tiers d&#8217;Art. Ces derni\u00e8res se d\u00e9roulaient&#46;&#46;&#46;<\/p>\n","protected":false},"author":1,"featured_media":101,"comment_status":"open","ping_status":"open","sticky":false,"template":"","format":"standard","meta":{"om_disable_all_campaigns":false},"categories":[17],"tags":[14,5],"_links":{"self":[{"href":"https:\/\/proxiscope.ricod.net\/index.php\/wp-json\/wp\/v2\/posts\/97"}],"collection":[{"href":"https:\/\/proxiscope.ricod.net\/index.php\/wp-json\/wp\/v2\/posts"}],"about":[{"href":"https:\/\/proxiscope.ricod.net\/index.php\/wp-json\/wp\/v2\/types\/post"}],"author":[{"embeddable":true,"href":"https:\/\/proxiscope.ricod.net\/index.php\/wp-json\/wp\/v2\/users\/1"}],"replies":[{"embeddable":true,"href":"https:\/\/proxiscope.ricod.net\/index.php\/wp-json\/wp\/v2\/comments?post=97"}],"version-history":[{"count":11,"href":"https:\/\/proxiscope.ricod.net\/index.php\/wp-json\/wp\/v2\/posts\/97\/revisions"}],"predecessor-version":[{"id":280,"href":"https:\/\/proxiscope.ricod.net\/index.php\/wp-json\/wp\/v2\/posts\/97\/revisions\/280"}],"wp:featuredmedia":[{"embeddable":true,"href":"https:\/\/proxiscope.ricod.net\/index.php\/wp-json\/wp\/v2\/media\/101"}],"wp:attachment":[{"href":"https:\/\/proxiscope.ricod.net\/index.php\/wp-json\/wp\/v2\/media?parent=97"}],"wp:term":[{"taxonomy":"category","embeddable":true,"href":"https:\/\/proxiscope.ricod.net\/index.php\/wp-json\/wp\/v2\/categories?post=97"},{"taxonomy":"post_tag","embeddable":true,"href":"https:\/\/proxiscope.ricod.net\/index.php\/wp-json\/wp\/v2\/tags?post=97"}],"curies":[{"name":"wp","href":"https:\/\/api.w.org\/{rel}","templated":true}]}}