{"id":50,"date":"2023-01-28T13:34:02","date_gmt":"2023-01-28T12:34:02","guid":{"rendered":"http:\/\/proxiscope.ricod.net\/?p=50"},"modified":"2025-01-22T10:02:05","modified_gmt":"2025-01-22T09:02:05","slug":"co-construire-une-strategie-numerique-regionale","status":"publish","type":"post","link":"https:\/\/proxiscope.ricod.net\/index.php\/2023\/01\/28\/co-construire-une-strategie-numerique-regionale\/","title":{"rendered":"Co-construire une strat\u00e9gie num\u00e9rique r\u00e9gionale"},"content":{"rendered":"\n<p>Dans le cadre de notre observation terrain, notamment suite \u00e0 la visite des <a href=\"http:\/\/proxiscope.ricod.net\/index.php\/2022\/11\/05\/human-tech-days\/\" target=\"_blank\" rel=\"noreferrer noopener\">Human Tech Days \u00e0 Ch\u00e2teauroux<\/a>, nous explorons plus avant les espaces et lieux de co-construction des dynamiques num\u00e9riques qui entourent les artisans et la Chambre de M\u00e9tiers et de l&#8217;Artisanat Centre-Val de Loire. Notre participation \u00e0 des initiatives de type &#8220;projets de partenariat&#8221; ou &#8220;projets de d\u00e9veloppement&#8221; nous laisse d&#8217;ores et d\u00e9j\u00e0 apercevoir des liens et des activit\u00e9s communes entre des acteurs \u00e9manants de comp\u00e9tences, territoires et secteurs professionnels diff\u00e9rents. L&#8217;instance du <a href=\"https:\/\/www.humantechdays.fr\/crnumrcvl\/\" target=\"_blank\" rel=\"noreferrer noopener\" title=\"Conseil R\u00e9gional du Num\u00e9rique \">Conseil R\u00e9gional du Num\u00e9rique <\/a>nous semble une plateforme de propositions participative et collaborative particuli\u00e8rement repr\u00e9sentative d&#8217;une volont\u00e9 de r\u00e9unir une pluralit\u00e9 d&#8217;exp\u00e9riences pour \u00e9clairer les priorit\u00e9s de la strat\u00e9gie num\u00e9rique r\u00e9gionale en Centre Val de Loire.<\/p>\n\n\n\n<h2>Un participation \u00e0 double sens<\/h2>\n\n\n\n<figure class=\"wp-block-image size-full is-style-default\"><img loading=\"lazy\" width=\"940\" height=\"788\" src=\"http:\/\/proxiscope.ricod.net\/wp-content\/uploads\/2023\/01\/Sans-titre-5.jpg\" alt=\"\" class=\"wp-image-57\" srcset=\"https:\/\/proxiscope.ricod.net\/wp-content\/uploads\/2023\/01\/Sans-titre-5.jpg 940w, https:\/\/proxiscope.ricod.net\/wp-content\/uploads\/2023\/01\/Sans-titre-5-300x251.jpg 300w, https:\/\/proxiscope.ricod.net\/wp-content\/uploads\/2023\/01\/Sans-titre-5-768x644.jpg 768w\" sizes=\"(max-width: 940px) 100vw, 940px\" \/><\/figure>\n\n\n\n<p>L&#8217;une des observations que nous \u00e9tablissons lors de la visite des Human Tech Days, c&#8217;est la pr\u00e9sence de nombreux acteurs, associations, services public (comme P\u00f4le Emploi), startups, institutions et notamment des partenaires \u00e9conomiques existants de la CMA CVL. Cependant, il nous semble manquer la pr\u00e9sence de la CMA CVL elle-m\u00eame, pourtant partie prenante de l&#8217;accompagnement de Tiers Lieux ou d&#8217;artisans innovateurs. C&#8217;est dans cette dynamique qu&#8217;il nous semble important de porter au sein du Conseil R\u00e9gional du Num\u00e9rique des initiatives et approches propres ou partag\u00e9es avec l&#8217;artisanat, afin comprendre comment :<\/p>\n\n\n\n<ul><li><strong>les priorit\u00e9s strat\u00e9giques du CRNum peuvent s&#8217;articuler jusqu&#8217;\u00e0 des usages m\u00e9tiers sp\u00e9cifiques<\/strong>, comme les usages s\u00e9lectifs et sp\u00e9cialis\u00e9s des m\u00e9tiers du b\u00e2timent ou de la production artisanale<\/li><li><strong>les projets et activit\u00e9s de la CMA CVL et des artisans peuvent contribuer \u00e0 enrichir les discussions existantes du CRNum<\/strong> pour \u00e9clairer notamment les th\u00e9matiques des FabLabs et espaces de cr\u00e9ation coop\u00e9ratif, mais \u00e9galement l&#8217;apprentissage et l&#8217;accompagnement de la mont\u00e9e en comp\u00e9tences num\u00e9riques des salari\u00e9s et entrepreneurs de proximit\u00e9<\/li><\/ul>\n\n\n\n<p>Cette participation en &#8220;double-sens&#8221; nous para\u00eet un axe d&#8217;observation terrain riche en relations, services et communaut\u00e9 d&#8217;actions. Ces transactions coop\u00e9ratives nous semblent constitutives d&#8217;un r\u00e9seau d&#8217;id\u00e9ation dans lequel nous souhaitons caract\u00e9riser de nouveaux territoires projets alliant vision strat\u00e9gique r\u00e9gionale et actions hybrides locales port\u00e9es par des acteurs dont les r\u00f4les se multiplient et s&#8217;adaptent selon les activit\u00e9s mobilis\u00e9es.<\/p>\n\n\n\n<h2>Le r\u00f4le du co-design<\/h2>\n\n\n\n<figure class=\"wp-block-image size-full\"><img loading=\"lazy\" width=\"940\" height=\"788\" src=\"http:\/\/proxiscope.ricod.net\/wp-content\/uploads\/2023\/01\/Sans-titre-4.jpg\" alt=\"\" class=\"wp-image-56\" srcset=\"https:\/\/proxiscope.ricod.net\/wp-content\/uploads\/2023\/01\/Sans-titre-4.jpg 940w, https:\/\/proxiscope.ricod.net\/wp-content\/uploads\/2023\/01\/Sans-titre-4-300x251.jpg 300w, https:\/\/proxiscope.ricod.net\/wp-content\/uploads\/2023\/01\/Sans-titre-4-768x644.jpg 768w\" sizes=\"(max-width: 940px) 100vw, 940px\" \/><\/figure>\n\n\n\n<p>Aussi, nous sommes sensibles dans l&#8217;organisation de la premi\u00e8re rencontre du CRNum aux modalit\u00e9s de participation, et plus particuli\u00e8rement aux espaces et activit\u00e9s de co-cr\u00e9ations permettant cette participation \u00e0 double sens. Une premi\u00e8re int\u00e9gration dans les ateliers d&#8217;\u00e9laboration de la SCORAN (Strat\u00e9gie de COh\u00e9rence R\u00e9gionale en Am\u00e9nagement Num\u00e9rique) nous a permis d&#8217;identifier des leviers d&#8217;engagement situ\u00e9 et des sondes d&#8217;explicitation que l&#8217;on peut notamment retrouver sur la <a href=\"https:\/\/www.recia.fr\/les-strategies-numeriques\/scoran\/\" target=\"_blank\" rel=\"noreferrer noopener\">Cartod\u00e9bat <\/a>du GIP Recia. Au sein du CRNum, ces derniers s&#8217;enrichissent :<\/p>\n\n\n\n<ul><li><strong>de groupes de travail transverses et souples <\/strong>dans lesquels les membres du CRNum contribuent, construisent et proposent des \u00e9clairages li\u00e9es \u00e0 leurs expertises<\/li><li><strong>de temps et espaces de rencontres <\/strong>aux th\u00e9matiques repr\u00e9sentatives des axes strat\u00e9giques de la R\u00e9gion pour le num\u00e9rique mais \u00e9galement des engagements terrain et professionnels port\u00e9s par l&#8217;ensemble des participants<\/li><\/ul>\n\n\n\n<h2>Des imaginaires communs<\/h2>\n\n\n\n<p><strong>Avec cette toute premi\u00e8re occurence du CRNum renouvel\u00e9 en 2023, nous comprenons l&#8217;importance de pouvoir relier, avec des compr\u00e9hensions communes d&#8217;objets-r\u00e9seaux comme les Fablabs, l&#8217;attractivit\u00e9 des m\u00e9tiers du num\u00e9rique ou l&#8217;accompagnement \u00e0 l&#8217;innovation, les imaginaires prospectifs de chacun. <\/strong>Dans cet exercice particulier, ils sont articul\u00e9s sous forme de contributions post-it not\u00e9es, classifi\u00e9es et discut\u00e9es, puis synth\u00e9tis\u00e9es collectivement sous forme de &#8220;pitch&#8221; par axes strat\u00e9gique. A travers des discussions interpersonnelles, nous avons principalement pos\u00e9 des bases de r\u00e9flexion \u00e0 approfondir, et surtout permis de mieux conna\u00eetre les participants et les institutions qui portent cette initiative. Ceci constitue un levier d&#8217;interconnaissance, de s\u00e9rendipit\u00e9 et d&#8217;am\u00e9nit\u00e9s que nous pourrons continuer \u00e0 observer dans le cadre de notre projet de recherche FabCVL portant sur l&#8217;innovation et la coop\u00e9ration de proximit\u00e9.<\/p>\n\n\n\n<p>Pour nous suivre,&nbsp;<a href=\"https:\/\/mastodon.top\/web\/@proxiscope#\" target=\"_blank\" rel=\"noreferrer noopener\">prenez la voie libre<\/a>.<\/p>\n","protected":false},"excerpt":{"rendered":"<p>Comment les espaces et activit\u00e9s du CRNum co-designent la strat\u00e9gie num\u00e9rique r\u00e9gionale<\/p>\n","protected":false},"author":1,"featured_media":55,"comment_status":"open","ping_status":"open","sticky":false,"template":"","format":"standard","meta":{"om_disable_all_campaigns":false},"categories":[17],"tags":[14,16,15,5],"_links":{"self":[{"href":"https:\/\/proxiscope.ricod.net\/index.php\/wp-json\/wp\/v2\/posts\/50"}],"collection":[{"href":"https:\/\/proxiscope.ricod.net\/index.php\/wp-json\/wp\/v2\/posts"}],"about":[{"href":"https:\/\/proxiscope.ricod.net\/index.php\/wp-json\/wp\/v2\/types\/post"}],"author":[{"embeddable":true,"href":"https:\/\/proxiscope.ricod.net\/index.php\/wp-json\/wp\/v2\/users\/1"}],"replies":[{"embeddable":true,"href":"https:\/\/proxiscope.ricod.net\/index.php\/wp-json\/wp\/v2\/comments?post=50"}],"version-history":[{"count":6,"href":"https:\/\/proxiscope.ricod.net\/index.php\/wp-json\/wp\/v2\/posts\/50\/revisions"}],"predecessor-version":[{"id":338,"href":"https:\/\/proxiscope.ricod.net\/index.php\/wp-json\/wp\/v2\/posts\/50\/revisions\/338"}],"wp:featuredmedia":[{"embeddable":true,"href":"https:\/\/proxiscope.ricod.net\/index.php\/wp-json\/wp\/v2\/media\/55"}],"wp:attachment":[{"href":"https:\/\/proxiscope.ricod.net\/index.php\/wp-json\/wp\/v2\/media?parent=50"}],"wp:term":[{"taxonomy":"category","embeddable":true,"href":"https:\/\/proxiscope.ricod.net\/index.php\/wp-json\/wp\/v2\/categories?post=50"},{"taxonomy":"post_tag","embeddable":true,"href":"https:\/\/proxiscope.ricod.net\/index.php\/wp-json\/wp\/v2\/tags?post=50"}],"curies":[{"name":"wp","href":"https:\/\/api.w.org\/{rel}","templated":true}]}}