{"id":347,"date":"2025-06-27T15:45:33","date_gmt":"2025-06-27T13:45:33","guid":{"rendered":"https:\/\/proxiscope.ricod.net\/?p=347"},"modified":"2025-06-28T15:11:08","modified_gmt":"2025-06-28T13:11:08","slug":"autour-des-femmes-de-lartisanat","status":"publish","type":"post","link":"https:\/\/proxiscope.ricod.net\/index.php\/2025\/06\/27\/autour-des-femmes-de-lartisanat\/","title":{"rendered":"Conseils et inspirations autour des Femmes de l&#8217;Artisanat"},"content":{"rendered":"<figure class=\"wp-block-post-featured-image\"><img width=\"1792\" height=\"828\" src=\"https:\/\/proxiscope.ricod.net\/wp-content\/uploads\/2025\/06\/IMG_1442.png\" class=\"attachment-post-thumbnail size-post-thumbnail wp-post-image\" alt=\"Conseils et inspirations autour des Femmes de l&#8217;Artisanat\" loading=\"lazy\" srcset=\"https:\/\/proxiscope.ricod.net\/wp-content\/uploads\/2025\/06\/IMG_1442.png 1792w, https:\/\/proxiscope.ricod.net\/wp-content\/uploads\/2025\/06\/IMG_1442-300x139.png 300w, https:\/\/proxiscope.ricod.net\/wp-content\/uploads\/2025\/06\/IMG_1442-1024x473.png 1024w, https:\/\/proxiscope.ricod.net\/wp-content\/uploads\/2025\/06\/IMG_1442-768x355.png 768w, https:\/\/proxiscope.ricod.net\/wp-content\/uploads\/2025\/06\/IMG_1442-1536x710.png 1536w\" sizes=\"(max-width: 1792px) 100vw, 1792px\" \/><\/figure>\n\n\n<p>Dans le cadre de l&#8217;appel \u00e0 projets &#8220;Egalit\u00e9 Femmes-Hommes&#8221; de la Pr\u00e9fecture R\u00e9gionale Centre-Val de Loire, la CMA CVL et la Communaut\u00e9 de Communes Ecueill\u00e9-Valen\u00e7ay ont rencontr\u00e9 9 entreprises mettant en avant l&#8217;artisanat au f\u00e9minin. A travers diff\u00e9rents m\u00e9tiers de l&#8217;artisanat, de secteurs et de types d&#8217;entreprises, nous vous proposons une infographie et les conseils des talents f\u00e9minins de ce territoire de l&#8217;Indre. Elles sont cr\u00e9atrices, salari\u00e9es, managers : leurs conseils et leurs parcours peuvent inspirer de futures artisanes pour tous les m\u00e9tiers.<\/p>\n\n\n\n<h2>Les enjeux de l&#8217;artisanat au f\u00e9minin pour les territoires ruraux<\/h2>\n\n\n\n<figure class=\"wp-block-image size-large\"><img loading=\"lazy\" width=\"724\" height=\"1024\" src=\"https:\/\/proxiscope.ricod.net\/wp-content\/uploads\/2025\/06\/INFO_CCEV_AUTOUR_DES_FEMMES_DE_LARTISANAT-5-724x1024.png\" alt=\"Infographie Autour des Femmes de l'Artisanat de la Communaut\u00e9 de Communes Ecueill\u00e9-Valen\u00e7ay\" class=\"wp-image-361\" srcset=\"https:\/\/proxiscope.ricod.net\/wp-content\/uploads\/2025\/06\/INFO_CCEV_AUTOUR_DES_FEMMES_DE_LARTISANAT-5-724x1024.png 724w, https:\/\/proxiscope.ricod.net\/wp-content\/uploads\/2025\/06\/INFO_CCEV_AUTOUR_DES_FEMMES_DE_LARTISANAT-5-212x300.png 212w, https:\/\/proxiscope.ricod.net\/wp-content\/uploads\/2025\/06\/INFO_CCEV_AUTOUR_DES_FEMMES_DE_LARTISANAT-5-768x1086.png 768w, https:\/\/proxiscope.ricod.net\/wp-content\/uploads\/2025\/06\/INFO_CCEV_AUTOUR_DES_FEMMES_DE_LARTISANAT-5-1086x1536.png 1086w, https:\/\/proxiscope.ricod.net\/wp-content\/uploads\/2025\/06\/INFO_CCEV_AUTOUR_DES_FEMMES_DE_LARTISANAT-5.png 1190w\" sizes=\"(max-width: 724px) 100vw, 724px\" \/><\/figure>\n\n\n\n<p>Donn\u00e9es au 31\/12\/2024<\/p>\n\n\n\n<p>Source : donn\u00e9es CMA CVL<\/p>\n\n\n\n<hr class=\"wp-block-separator has-alpha-channel-opacity\"\/>\n\n\n\n<h2>Les conseils des talents f\u00e9minins de l&#8217;artisanat et du territoire<\/h2>\n\n\n\n<figure class=\"wp-block-image size-full\"><img loading=\"lazy\" width=\"828\" height=\"796\" src=\"https:\/\/proxiscope.ricod.net\/wp-content\/uploads\/2025\/06\/IMG_1443.jpg\" alt=\"Sandrine Gaury, de l'atelier Chrysalide, nous montre son savoir-faire d'artisane d'art en verrerie au chalumeau\" class=\"wp-image-363\" srcset=\"https:\/\/proxiscope.ricod.net\/wp-content\/uploads\/2025\/06\/IMG_1443.jpg 828w, https:\/\/proxiscope.ricod.net\/wp-content\/uploads\/2025\/06\/IMG_1443-300x288.jpg 300w, https:\/\/proxiscope.ricod.net\/wp-content\/uploads\/2025\/06\/IMG_1443-768x738.jpg 768w\" sizes=\"(max-width: 828px) 100vw, 828px\" \/><\/figure>\n\n\n\n<p>Des portraits vid\u00e9os des entreprises rencontr\u00e9es seront prochainement publi\u00e9es sur <a href=\"https:\/\/www.instagram.com\/cma.centrevaldeloire\/\" target=\"_blank\" rel=\"noreferrer noopener\">Instagram<\/a>. Retrouvez les conseils partag\u00e9s par les entreprises ci-dessous :<\/p>\n\n\n\n<p>Plusieurs <a href=\"https:\/\/proxiscope.ricod.net\/wp-content\/uploads\/2023\/08\/Competences-de-transition-Proxiscope.pdf\" target=\"_blank\" rel=\"noreferrer noopener\">profils<\/a> se dessinent dans ces portraits.<\/p>\n\n\n\n<h3>Les conseils des cr\u00e9atives :<\/h3>\n\n\n\n<ul><li><strong>&#8220;<em>Laisser libre-court \u00e0 sa cr\u00e9ativit\u00e9 et proposer le meilleur de son savoir-faire<\/em>&#8221; <\/strong>: Appoline met \u00e0 profit son exp\u00e9rience et sa formation en participant \u00e0 des concours qui valorisent son savoir-faire (<a href=\"https:\/\/www.facebook.com\/p\/P\u00e2tisserie-DH-61564985786358\/?locale=fr_FR\" target=\"_blank\" rel=\"noreferrer noopener\">P\u00e2tisserie DH<\/a>, Valen\u00e7ay)<\/li><li><strong>&#8220;<em>Se reconvertir dans l&#8217;artisanat pour retrouver un lien avec l&#8217;humain et la nature<\/em>&#8220;<\/strong> : Sandrine Gaury est artisane d&#8217;art en verrerie au chalumeau et propose bijoux, objets de d\u00e9coration en verre (<a href=\"https:\/\/chrysalidebysgaury.fr\" target=\"_blank\" rel=\"noreferrer noopener\">Atelier Chrysalide<\/a>, Lu\u00e7ay-le-M\u00e2le)<\/li><\/ul>\n\n\n\n<h3>Les conseils des innovatrices :<\/h3>\n\n\n\n<ul><li><strong>&#8220;<em>\u00catre passionn\u00e9e de son m\u00e9tier et du contact client<\/em>&#8220;<\/strong> : Aurore Kehren prend plaisir \u00e0 embellir ses clients, elle investit dans du mat\u00e9riel de pointe et des formations (<a href=\"https:\/\/www.kalendes.com\/site\/evasionbeaute36\/welcome\" target=\"_blank\" rel=\"noreferrer noopener\">Institut Evasion Beaut\u00e9<\/a>, Ecueill\u00e9)<\/li><li><strong>&#8220;<em>Se reconvertir dans l&#8217;artisanat par passion pour les animaux<\/em>&#8220;<\/strong> : Delphine Guillaume propose des savons artisanaux contenant jusqu&#8217;\u00e0 30% de lait d&#8217;\u00e2nesses et travaille avec des chercheurs pour d\u00e9velopper ses recettes (<a href=\"https:\/\/www.lordanesses.fr\/accueil\" target=\"_blank\" rel=\"noreferrer noopener\">L&#8217;Or d&#8217;Anesses<\/a>, Villentrois-Faverolles-en-Berry)<\/li><\/ul>\n\n\n\n<h3>Les conseils des expertes :<\/h3>\n\n\n\n<ul><li><strong>&#8220;<em>Faire rimer convivialit\u00e9 avec raffinement et technicit\u00e9<\/em>&#8220;<\/strong> : l&#8217;atelier propose notamment un comit\u00e9 de la bonne humeur et de nombreux avantages comme la semaine de 4 jours (<a href=\"https:\/\/www.facebook.com\/p\/Confection-Boischaut-Nord-100063655172522\/?locale=fr_FR\" target=\"_blank\" rel=\"noreferrer noopener\">Atelier CBN,<\/a> Ecueill\u00e9)<\/li><li><strong>&#8220;<em>\u00catre motiv\u00e9e par ses responsabilit\u00e9s au quotidien<\/em>&#8220;<\/strong> : Carole Talland a organis\u00e9 sa mont\u00e9e en comp\u00e9tences en se basant sur son exp\u00e9rience d&#8217;assistante administrative (Garage Lu\u00e7ay Automobiles, Lu\u00e7ay) <\/li><\/ul>\n\n\n\n<h3>Les conseils des exploratrices :<\/h3>\n\n\n\n<ul><li><strong>&#8220;<em>Transmettre ses valeurs \u00e0 travers son service<\/em>&#8220;<\/strong> : Claire Andr\u00e9 a inspir\u00e9 ses enfants qui travaillent dans le m\u00e9tier et aime prendre le temps de servir ses convives (<a href=\"https:\/\/laressource-fontguenand.fr\" target=\"_blank\" rel=\"noreferrer noopener\">Restaurant et maison d&#8217;h\u00f4tes La Ressource<\/a>, Fontguenand)<\/li><li><strong>&#8220;<em>Ne pas h\u00e9siter \u00e0 prendre de nouvelles responsabilit\u00e9s<\/em>&#8220;<\/strong> : Aur\u00e9lie B\u00e9zard a r\u00e9cemment \u00e9t\u00e9 promue responsable de l&#8217;administration des ventes, elle place la confiance et l&#8217;autonomie au coeur de son management (<a href=\"https:\/\/fromagerie-jacquin.com\" target=\"_blank\" rel=\"noreferrer noopener\">Fromagerie Jacquin<\/a>, La Vernelle)<\/li><li><strong>&#8220;<em>Faire le m\u00e9tier qui nous pla\u00eet<\/em>&#8220;<\/strong> : Ma\u00ebva Tabusse appr\u00e9cie le travail manuel en ext\u00e9rieur et a d\u00e9cid\u00e9 d&#8217;en faire son m\u00e9tier (<a href=\"https:\/\/www.couverture-art-et-tradition.com\" target=\"_blank\" rel=\"noreferrer noopener\">Couverture Arts et Tradition<\/a>, Vicq-sur-Nahon)<\/li><\/ul>\n\n\n\n<p>Retrouvez<a href=\"https:\/\/www.calameo.com\/read\/0035278114cbe18b7163a\" target=\"_blank\" rel=\"noreferrer noopener\"> l&#8217;\u00e9tude sur les femmes et l&#8217;artisanat r\u00e9alis\u00e9e en 2024<\/a> par l&#8217;Observatoire de l&#8217;Artisanat Centre-Val de Loire et le projet FabCVL. D\u00e9couvrez \u00e9galement &#8220;<a href=\"https:\/\/proxiscope.ricod.net\/index.php\/la-fibre-creative\/\" target=\"_blank\" rel=\"noreferrer noopener\">La Fibre Cr\u00e9ative<\/a>&#8220;, notre s\u00e9rie-fiction sur les femmes, l&#8217;innovation et l&#8217;artisanat.<\/p>\n","protected":false},"excerpt":{"rendered":"<p>Dans le cadre de l&#8217;appel \u00e0 projets &#8220;Egalit\u00e9 Femmes-Hommes&#8221; de la Pr\u00e9fecture R\u00e9gionale Centre-Val de Loire, la CMA CVL et la Communaut\u00e9 de Communes Ecueill\u00e9-Valen\u00e7ay ont&#46;&#46;&#46;<\/p>\n","protected":false},"author":1,"featured_media":351,"comment_status":"open","ping_status":"open","sticky":false,"template":"","format":"standard","meta":{"om_disable_all_campaigns":false},"categories":[17,9],"tags":[],"_links":{"self":[{"href":"https:\/\/proxiscope.ricod.net\/index.php\/wp-json\/wp\/v2\/posts\/347"}],"collection":[{"href":"https:\/\/proxiscope.ricod.net\/index.php\/wp-json\/wp\/v2\/posts"}],"about":[{"href":"https:\/\/proxiscope.ricod.net\/index.php\/wp-json\/wp\/v2\/types\/post"}],"author":[{"embeddable":true,"href":"https:\/\/proxiscope.ricod.net\/index.php\/wp-json\/wp\/v2\/users\/1"}],"replies":[{"embeddable":true,"href":"https:\/\/proxiscope.ricod.net\/index.php\/wp-json\/wp\/v2\/comments?post=347"}],"version-history":[{"count":12,"href":"https:\/\/proxiscope.ricod.net\/index.php\/wp-json\/wp\/v2\/posts\/347\/revisions"}],"predecessor-version":[{"id":376,"href":"https:\/\/proxiscope.ricod.net\/index.php\/wp-json\/wp\/v2\/posts\/347\/revisions\/376"}],"wp:featuredmedia":[{"embeddable":true,"href":"https:\/\/proxiscope.ricod.net\/index.php\/wp-json\/wp\/v2\/media\/351"}],"wp:attachment":[{"href":"https:\/\/proxiscope.ricod.net\/index.php\/wp-json\/wp\/v2\/media?parent=347"}],"wp:term":[{"taxonomy":"category","embeddable":true,"href":"https:\/\/proxiscope.ricod.net\/index.php\/wp-json\/wp\/v2\/categories?post=347"},{"taxonomy":"post_tag","embeddable":true,"href":"https:\/\/proxiscope.ricod.net\/index.php\/wp-json\/wp\/v2\/tags?post=347"}],"curies":[{"name":"wp","href":"https:\/\/api.w.org\/{rel}","templated":true}]}}