{"id":317,"date":"2025-01-20T17:05:16","date_gmt":"2025-01-20T16:05:16","guid":{"rendered":"http:\/\/proxiscope.ricod.net\/?p=317"},"modified":"2025-01-20T17:05:17","modified_gmt":"2025-01-20T16:05:17","slug":"la-fibre-creative-quelles-perspectives","status":"publish","type":"post","link":"https:\/\/proxiscope.ricod.net\/index.php\/2025\/01\/20\/la-fibre-creative-quelles-perspectives\/","title":{"rendered":"La Fibre Cr\u00e9ative : quelles perspectives ?"},"content":{"rendered":"<figure class=\"wp-block-post-featured-image\"><img width=\"2560\" height=\"1920\" src=\"https:\/\/proxiscope.ricod.net\/wp-content\/uploads\/2025\/01\/Image-3-scaled.jpg\" class=\"attachment-post-thumbnail size-post-thumbnail wp-post-image\" alt=\"La Fibre Cr\u00e9ative : quelles perspectives ?\" loading=\"lazy\" srcset=\"https:\/\/proxiscope.ricod.net\/wp-content\/uploads\/2025\/01\/Image-3-scaled.jpg 2560w, https:\/\/proxiscope.ricod.net\/wp-content\/uploads\/2025\/01\/Image-3-300x225.jpg 300w, https:\/\/proxiscope.ricod.net\/wp-content\/uploads\/2025\/01\/Image-3-1024x768.jpg 1024w, https:\/\/proxiscope.ricod.net\/wp-content\/uploads\/2025\/01\/Image-3-768x576.jpg 768w, https:\/\/proxiscope.ricod.net\/wp-content\/uploads\/2025\/01\/Image-3-1536x1152.jpg 1536w, https:\/\/proxiscope.ricod.net\/wp-content\/uploads\/2025\/01\/Image-3-2048x1536.jpg 2048w\" sizes=\"(max-width: 2560px) 100vw, 2560px\" \/><\/figure>\n\n\n<p>Apr\u00e8s avoir partag\u00e9 les d\u00e9fis et solutions mises en oeuvre par les cr\u00e9atrices d&#8217;entreprises pour se lancer dans un projet technique, hors de leur zone de confort, nous d\u00e9couvrons d\u00e9sormais les enjeux qu&#8217;elles anticipent dans la suite de leur parcours. Fortes de projets engag\u00e9s et engageants qu&#8217;elles d\u00e9veloppent en r\u00e9seau ou au sein d&#8217;initiatives collectives, les participantes de la Fibre Cr\u00e9ative se projettent et apportent leurs conseils aux futures candidates \u00e0 la grande aventure de l&#8217;entrepreneuriat. <\/p>\n\n\n\n<figure class=\"wp-block-embed is-type-video is-provider-youtube wp-block-embed-youtube wp-embed-aspect-16-9 wp-has-aspect-ratio\"><div class=\"wp-block-embed__wrapper\">\n<div class=\"video-container\"><iframe loading=\"lazy\" title=\"La fibre cr\u00e9ative : quelles perspectives pour les cr\u00e9atrices ?\" width=\"740\" height=\"416\" src=\"https:\/\/www.youtube.com\/embed\/ClH-XIXdWls?feature=oembed\" frameborder=\"0\" allow=\"accelerometer; autoplay; clipboard-write; encrypted-media; gyroscope; picture-in-picture; web-share\" referrerpolicy=\"strict-origin-when-cross-origin\" allowfullscreen><\/iframe><\/div>\n<\/div><\/figure>\n\n\n\n<div class=\"wp-container-1 wp-block-buttons\">\n<div class=\"wp-block-button\"><a class=\"wp-block-button__link\" href=\"https:\/\/forms.office.com\/Pages\/ResponsePage.aspx?id=rkWiydczWkCSE8DYRD4qqn_lCBuljPVKmDEXK0hQQ6tURVdEWUJaRVVYOE1SMDE1NFZFUURaMUsyTy4u\">R\u00e9pondez au quizz<\/a><\/div>\n<\/div>\n\n\n\n<h2>S&#8217;appuyer sur son m\u00e9tier \u00e0 Ch\u00e2teauroux<\/h2>\n\n\n\n<figure class=\"wp-block-image size-full\"><img loading=\"lazy\" width=\"838\" height=\"633\" src=\"http:\/\/proxiscope.ricod.net\/wp-content\/uploads\/2025\/01\/CREATIVE-1.png\" alt=\"\" class=\"wp-image-326\" srcset=\"https:\/\/proxiscope.ricod.net\/wp-content\/uploads\/2025\/01\/CREATIVE-1.png 838w, https:\/\/proxiscope.ricod.net\/wp-content\/uploads\/2025\/01\/CREATIVE-1-300x227.png 300w, https:\/\/proxiscope.ricod.net\/wp-content\/uploads\/2025\/01\/CREATIVE-1-768x580.png 768w\" sizes=\"(max-width: 838px) 100vw, 838px\" \/><\/figure>\n\n\n\n<p>Les cr\u00e9atrices interrog\u00e9es \u00e0 Ch\u00e2teauroux persistent dans une approche technique et m\u00e9tier des solutions pour se d\u00e9velopper. Par exemple, pour Corinne, l&#8217;aide de la Chambre de M\u00e9tiers et de l&#8217;Artisanat Centre-Val de Loire a \u00e9t\u00e9 d\u00e9terminante : &#8220;tout a \u00e9t\u00e9 tr\u00e8s r\u00e9actif, que ce soit pour les formalit\u00e9s administratives ou apr\u00e8s sur le diagnostic num\u00e9rique avec ma conseill\u00e8re num\u00e9rique. Elle m&#8217;a expliqu\u00e9, il faut refaire la carte de visite, les pages internet ce genre de choses. Donc effectivement tout est bien guid\u00e9 et am\u00e8ne  \u00e0 adh\u00e9rer aux formations pour \u00eatre vraiment bien pilot\u00e9. Et je tiens \u00e0 dire que c&#8217;est quand m\u00eame formidable.&#8221; Cette exp\u00e9rience enthousiaste est appuy\u00e9e par les conseils des \u00e9lus de la CMA CVL pr\u00e9sents, pour qui les solutions de vitrine commune telles que les boutiques LOCO, dont une existe \u00e0 Ch\u00e2teauroux, sont de v\u00e9ritables solutions de valorisation \u00e0 moindre co\u00fbt pour les artisans d&#8217;art. De m\u00eame, les \u00e9lus pr\u00e9cisent que des aides et des projets r\u00e9gionaux existent pour soutenir la cr\u00e9ation et le d\u00e9veloppement des entreprises, notamment pour subventionner l&#8217;achat d&#8217;\u00e9quipement.<\/p>\n\n\n\n<h2>Bien s&#8217;entourer du c\u00f4t\u00e9 d&#8217;Orl\u00e9ans<\/h2>\n\n\n\n<figure class=\"wp-block-image size-full\"><img loading=\"lazy\" width=\"835\" height=\"636\" src=\"http:\/\/proxiscope.ricod.net\/wp-content\/uploads\/2025\/01\/CREATIVE-2.png\" alt=\"\" class=\"wp-image-327\" srcset=\"https:\/\/proxiscope.ricod.net\/wp-content\/uploads\/2025\/01\/CREATIVE-2.png 835w, https:\/\/proxiscope.ricod.net\/wp-content\/uploads\/2025\/01\/CREATIVE-2-300x229.png 300w, https:\/\/proxiscope.ricod.net\/wp-content\/uploads\/2025\/01\/CREATIVE-2-768x585.png 768w\" sizes=\"(max-width: 835px) 100vw, 835px\" \/><\/figure>\n\n\n\n<p>Pour Emmanuelle, c&#8217;est effectivement l&#8217;accompagnement qui est cl\u00e9. Comme elle le pr\u00e9cise, &#8220;Il faut savoir qu&#8217;on ne conna\u00eet pas tout en fait. Ce qui est pas simple dans la cr\u00e9ation d&#8217;entreprise c&#8217;est que on cr\u00e9e forc\u00e9ment une entreprise parce qu&#8217;on a un talent quelque part mais quand vous \u00eates cr\u00e9atif, vous avez pas de talent dans l&#8217;administratif. Et du coup, y a vraiment pas de souci de s&#8217;entourer de personnes tr\u00e8s comp\u00e9tentes.&#8221; Selon Morgane, il faut \u00e9galement jouer des compl\u00e9mentarit\u00e9s. Pour elle, &#8220;si on s&#8217;aide en fait hommes et femmes, on va forc\u00e9ment plus loin. \u00c7a va \u00eatre g\u00e9nial, \u00e7a va \u00eatre incroyable.&#8221; Une limite est toutefois identifi\u00e9e par les partenaires. Selon l&#8217;un d&#8217;entre eux, &#8220;il faut savoir qu&#8217;on prend un risque, il y a une part de risque. C&#8217;est pourquoi je trouve que l&#8217;exc\u00e8s d&#8217;aide fausse un peu l&#8217;aide financi\u00e8re. Savoir trouver des accompagnements, \u00e7a c&#8217;est indispensable.&#8221; C&#8217;est ce que fait L\u00e9a, par exemple, en s&#8217;entourant de professionnels pour d\u00e9velopper ses r\u00e9seaux sociaux, car pour elle, la visibilit\u00e9 sur Instagram est essentielle. Son prochain r\u00eave : embaucher un salari\u00e9, \u00e0 commencer par son p\u00e8re, qui la soutient dans son projet. Comme le conclut la pr\u00e9sidente de la CMA CVL, &#8220;il faut se donner les moyens parce qu&#8217;on ne conna\u00eet pas tout quand on veut cr\u00e9er sa propre bo\u00eete. C&#8217;est encore moins facile d&#8217;embaucher son premier salari\u00e9. Et c&#8217;est encore pas facile de prendre un apprenti demain.\u00a0Donc on est l\u00e0 vraiment pour vous accompagner et vous donner toutes les astuces des statuts ensemble et trouver des moyens pour se sortir moins seuls.&#8221;<\/p>\n\n\n\n<p>L&#8217;ensemble de ces \u00e9changes interactifs ont permis de souligner l&#8217;importance de l&#8217;accompagnement, \u00e0 chaque \u00e9tape de transformation des entreprises, avec des besoins techniques, m\u00e9tiers et num\u00e9riques mis en avant par les participantes. Conseillers, \u00e9lus et partenaires autour d&#8217;elle ont soulign\u00e9 la n\u00e9cessit\u00e9 d&#8217;anticiper et de se former, notamment aux nouveaux outils int\u00e9grant l&#8217;IA g\u00e9n\u00e9rative, pour simplifier la gestion quotidienne des entreprises. R\u00e9seaux, associations d\u00e9di\u00e9es aux femmes entrepreneures ont \u00e9t\u00e9 mises en avant, avec des astuces et conseils pratiques pour se lancer en toute confiance. Retrouvez l&#8217;\u00e9tude de l&#8217;<a href=\"https:\/\/www.calameo.com\/read\/0035278114cbe18b7163a\" target=\"_blank\" rel=\"noreferrer noopener\">Observatoire sur les femmes, le num\u00e9rique et l&#8217;Artisanat<\/a>. Retrouvez \u00e9galement tous les \u00e9pisodes de <a href=\"http:\/\/proxiscope.ricod.net\/index.php\/la-fibre-creative\/\">La Fibre Cr\u00e9ative<\/a>.<\/p>\n","protected":false},"excerpt":{"rendered":"<p>Apr\u00e8s avoir partag\u00e9 les d\u00e9fis et solutions mises en oeuvre par les cr\u00e9atrices d&#8217;entreprises pour se lancer dans un projet technique, hors de leur zone de&#46;&#46;&#46;<\/p>\n","protected":false},"author":1,"featured_media":328,"comment_status":"open","ping_status":"open","sticky":false,"template":"","format":"standard","meta":{"om_disable_all_campaigns":false},"categories":[17,18],"tags":[21,23,22,5],"_links":{"self":[{"href":"https:\/\/proxiscope.ricod.net\/index.php\/wp-json\/wp\/v2\/posts\/317"}],"collection":[{"href":"https:\/\/proxiscope.ricod.net\/index.php\/wp-json\/wp\/v2\/posts"}],"about":[{"href":"https:\/\/proxiscope.ricod.net\/index.php\/wp-json\/wp\/v2\/types\/post"}],"author":[{"embeddable":true,"href":"https:\/\/proxiscope.ricod.net\/index.php\/wp-json\/wp\/v2\/users\/1"}],"replies":[{"embeddable":true,"href":"https:\/\/proxiscope.ricod.net\/index.php\/wp-json\/wp\/v2\/comments?post=317"}],"version-history":[{"count":2,"href":"https:\/\/proxiscope.ricod.net\/index.php\/wp-json\/wp\/v2\/posts\/317\/revisions"}],"predecessor-version":[{"id":329,"href":"https:\/\/proxiscope.ricod.net\/index.php\/wp-json\/wp\/v2\/posts\/317\/revisions\/329"}],"wp:featuredmedia":[{"embeddable":true,"href":"https:\/\/proxiscope.ricod.net\/index.php\/wp-json\/wp\/v2\/media\/328"}],"wp:attachment":[{"href":"https:\/\/proxiscope.ricod.net\/index.php\/wp-json\/wp\/v2\/media?parent=317"}],"wp:term":[{"taxonomy":"category","embeddable":true,"href":"https:\/\/proxiscope.ricod.net\/index.php\/wp-json\/wp\/v2\/categories?post=317"},{"taxonomy":"post_tag","embeddable":true,"href":"https:\/\/proxiscope.ricod.net\/index.php\/wp-json\/wp\/v2\/tags?post=317"}],"curies":[{"name":"wp","href":"https:\/\/api.w.org\/{rel}","templated":true}]}}