{"id":305,"date":"2025-01-16T17:38:06","date_gmt":"2025-01-16T16:38:06","guid":{"rendered":"http:\/\/proxiscope.ricod.net\/?p=305"},"modified":"2025-01-22T09:54:08","modified_gmt":"2025-01-22T08:54:08","slug":"les-creatives-2024-des-defis-a-relever-ensemble","status":"publish","type":"post","link":"https:\/\/proxiscope.ricod.net\/index.php\/2025\/01\/16\/les-creatives-2024-des-defis-a-relever-ensemble\/","title":{"rendered":"Les cr\u00e9atives 2024 : des d\u00e9fis \u00e0 relever ensemble ?"},"content":{"rendered":"<figure class=\"wp-block-post-featured-image\"><img width=\"640\" height=\"480\" src=\"https:\/\/proxiscope.ricod.net\/wp-content\/uploads\/2025\/01\/15.jpg\" class=\"attachment-post-thumbnail size-post-thumbnail wp-post-image\" alt=\"Les cr\u00e9atives 2024 : des d\u00e9fis \u00e0 relever ensemble ?\" loading=\"lazy\" srcset=\"https:\/\/proxiscope.ricod.net\/wp-content\/uploads\/2025\/01\/15.jpg 640w, https:\/\/proxiscope.ricod.net\/wp-content\/uploads\/2025\/01\/15-300x225.jpg 300w\" sizes=\"(max-width: 640px) 100vw, 640px\" \/><\/figure>\n\n\n<p>Dans ce deuxi\u00e8me \u00e9pisode des Cr\u00e9atives, nous partageons les principaux d\u00e9fis relev\u00e9s par les cr\u00e9atrices d&#8217;entreprise. Elles \u00e9voquent leur parcours, leur quotidien, leurs usages num\u00e9riques et leurs questions de chefs d&#8217;entreprise. Comment ont-elles trouv\u00e9 de l&#8217;aide autour d&#8217;elle et quelles ont \u00e9t\u00e9 leurs barri\u00e8res, ou celles des autres ? Comment les ont-elles surmont\u00e9s ?<\/p>\n\n\n\n<figure class=\"wp-block-embed is-type-video is-provider-youtube wp-block-embed-youtube wp-embed-aspect-16-9 wp-has-aspect-ratio\"><div class=\"wp-block-embed__wrapper\">\n<div class=\"video-container\"><iframe loading=\"lazy\" title=\"La Fibre Cr\u00e9ative : les d\u00e9fis rencontr\u00e9s par les cr\u00e9atrices\" width=\"740\" height=\"416\" src=\"https:\/\/www.youtube.com\/embed\/qbnq41WW-H4?feature=oembed\" frameborder=\"0\" allow=\"accelerometer; autoplay; clipboard-write; encrypted-media; gyroscope; picture-in-picture; web-share\" referrerpolicy=\"strict-origin-when-cross-origin\" allowfullscreen><\/iframe><\/div>\n<\/div><\/figure>\n\n\n\n<div class=\"wp-container-1 wp-block-buttons\">\n<div class=\"wp-block-button\"><a class=\"wp-block-button__link\" href=\"https:\/\/forms.office.com\/Pages\/ResponsePage.aspx?id=rkWiydczWkCSE8DYRD4qqn_lCBuljPVKmDEXK0hQQ6tURTdFSlBNMDc3TUlMM1JBTzEyWUVYRUZUUi4u\">R\u00e9pondez au quizz<\/a><\/div>\n<\/div>\n\n\n\n<h2>Place \u00e0 la technique \u00e0 Ch\u00e2teauroux<\/h2>\n\n\n\n<figure class=\"wp-block-image size-full\"><img loading=\"lazy\" width=\"640\" height=\"480\" src=\"http:\/\/proxiscope.ricod.net\/wp-content\/uploads\/2025\/01\/HTD7.jpg\" alt=\"\" class=\"wp-image-309\" srcset=\"https:\/\/proxiscope.ricod.net\/wp-content\/uploads\/2025\/01\/HTD7.jpg 640w, https:\/\/proxiscope.ricod.net\/wp-content\/uploads\/2025\/01\/HTD7-300x225.jpg 300w\" sizes=\"(max-width: 640px) 100vw, 640px\" \/><\/figure>\n\n\n\n<p>Dans la salle de conf\u00e9rence d&#8217;Artis&#8217;Up, les cr\u00e9atrices pr\u00e9sentes sont parfois r\u00e9ticentes \u00e0 transmettre une image trop &#8220;n\u00e9gative&#8221; de la femme d&#8217;entreprise. Comme l&#8217;explique Ondine, &#8220;les femmes ont beaucoup plus de choix \u00e0 faire, mais moi je ne me sens pas comme \u00e7a dans mon quotidien. J&#8217;ai mon mari, qui me suit beaucoup, et en fait, on se pose tous les deux les m\u00eames questions. Les approches sont diff\u00e9rentes, mais ce sont juste des perspectives.&#8221; <strong>Dans une perspective optimiste, l&#8217;\u00e9tude pr\u00e9sent\u00e9e souligne des secteurs artisanaux f\u00e9minis\u00e9s en r\u00e9gion Centre-Val de Loire, comme la production qui atteint 49% de femmes dirigeantes en 2023.<\/strong> Cet \u00e9quilibre cache cependant une r\u00e9partition o\u00f9, dans ce secteur, seules 3% des femmes choisissent les m\u00e9tiers du m\u00e9tal, contre 34% pour le textile et l&#8217;ameublement. Dans ce contraste, ce qui a permis aux cr\u00e9atrices de tirer leur \u00e9pingle du jeu, c&#8217;est d&#8217;avoir, comme Ondine, un app\u00e9tit de technicit\u00e9, ou comme Corinne, l&#8217;envie de rencontrer des partenaires de cr\u00e9ation, ou encore la possibilit\u00e9 de faire des liens entre les adh\u00e9rents de la manufacture de proximit\u00e9 pour Fabienne.<\/p>\n\n\n\n<h2>Oser se lancer \u00e0 Orl\u00e9ans<\/h2>\n\n\n\n<figure class=\"wp-block-image size-full\"><img loading=\"lazy\" width=\"640\" height=\"480\" src=\"http:\/\/proxiscope.ricod.net\/wp-content\/uploads\/2025\/01\/7.jpg\" alt=\"\" class=\"wp-image-310\" srcset=\"https:\/\/proxiscope.ricod.net\/wp-content\/uploads\/2025\/01\/7.jpg 640w, https:\/\/proxiscope.ricod.net\/wp-content\/uploads\/2025\/01\/7-300x225.jpg 300w\" sizes=\"(max-width: 640px) 100vw, 640px\" \/><\/figure>\n\n\n\n<p>Les t\u00e9moignages orl\u00e9anais rejoignent en partie les dires d&#8217;Ondine. Comme l&#8217;explique Emmanuelle d&#8217;1 vitrine pour 2, &#8220;c&#8217;est vrai que la cr\u00e9ation en soi, c&#8217;est pas quelque chose qui m&#8217;a effray\u00e9. Peut-\u00eatre que ce qui m&#8217;a effray\u00e9 dans mon projet, c&#8217;est que je suis sorti compl\u00e8tement de ma zone de confort.&#8221; Ce go\u00fbt de l&#8217;aventure se compl\u00e8te, selon une \u00e9tude de Roland Berger cit\u00e9e par l&#8217;Observatoire, d&#8217;une propension des femmes \u00e0 lancer leur entreprise \u00e0 un tournant de leur vie, comme la perte d&#8217;un emploi ou l&#8217;arriv\u00e9e d&#8217;un enfant. <strong>Dans ces conditions, comme le pr\u00e9cise L\u00e9a, &#8220;pour la cr\u00e9ation, bon, tu suis entre guillemets une une trame. Et apr\u00e8s derri\u00e8re, oui, il faut d\u00e9velopper et c&#8217;est \u00e7a le plus dur.&#8221;<\/strong> Le rem\u00e8de propos\u00e9 par Morgane ? Le prendre comme un challenge, et saisir les opportunit\u00e9s. Dans le public, une cr\u00e9atrice explique que de son c\u00f4t\u00e9, elle ne rentrait pas dans les &#8220;cases bancaires&#8221; pour pouvoir \u00eatre aid\u00e9e financi\u00e8rement. Une solution \u00e9voqu\u00e9e par plusieurs participante : le statut de micro-entreprise, qui permet de tester ses projets. Cr\u00e9atrices et partenaires pr\u00e9sents dans l&#8217;audience, hommes et femmes, s&#8217;accordent \u00e9galement sur la place de la culture familiale et de la culture d&#8217;entrepreneuriat, avec lesquelles il faut savoir composer, pour les d\u00e9passer parfois. Selon eux, l&#8217;important est &#8220;d&#8217;anticiper au maximum, de se pr\u00e9munir au maximum, et de pas avoir peur effectivement de lever toutes les barri\u00e8res.&#8221;<\/p>\n\n\n\n<p>Retrouvez les cr\u00e9atrices participantes dans le <a href=\"http:\/\/proxiscope.ricod.net\/index.php\/2024\/07\/05\/les-femmes-le-numerique-et-lartisanat\/\" target=\"_blank\" rel=\"noreferrer noopener\" title=\"premier \u00e9pisode\">premier \u00e9pisode<\/a> de La Fibre Cr\u00e9ative. Dans la suite de nos d\u00e9couvertes, nous d\u00e9couvrirons comment les cr\u00e9atrices combinent authenticit\u00e9 et partenariats pour proposer des services innovants via le num\u00e9rique. Vous pouvez retrouver l&#8217;\u00e9tude sur les femmes, le num\u00e9rique et l&#8217;artisanat <a href=\"https:\/\/www.calameo.com\/read\/0035278114cbe18b7163a\" target=\"_blank\" rel=\"noreferrer noopener\">ici<\/a>. La suite dans le <a href=\"http:\/\/proxiscope.ricod.net\/index.php\/2025\/01\/20\/la-fibre-creative-quelles-perspectives\/\">troisi\u00e8me \u00e9pisode<\/a> !<\/p>\n","protected":false},"excerpt":{"rendered":"<p>Dans ce deuxi\u00e8me \u00e9pisode des Cr\u00e9atives, nous partageons les principaux d\u00e9fis relev\u00e9s par les cr\u00e9atrices d&#8217;entreprise. Elles \u00e9voquent leur parcours, leur quotidien, leurs usages num\u00e9riques et&#46;&#46;&#46;<\/p>\n","protected":false},"author":1,"featured_media":311,"comment_status":"open","ping_status":"open","sticky":false,"template":"","format":"standard","meta":{"om_disable_all_campaigns":false},"categories":[17,6],"tags":[21,23,24],"_links":{"self":[{"href":"https:\/\/proxiscope.ricod.net\/index.php\/wp-json\/wp\/v2\/posts\/305"}],"collection":[{"href":"https:\/\/proxiscope.ricod.net\/index.php\/wp-json\/wp\/v2\/posts"}],"about":[{"href":"https:\/\/proxiscope.ricod.net\/index.php\/wp-json\/wp\/v2\/types\/post"}],"author":[{"embeddable":true,"href":"https:\/\/proxiscope.ricod.net\/index.php\/wp-json\/wp\/v2\/users\/1"}],"replies":[{"embeddable":true,"href":"https:\/\/proxiscope.ricod.net\/index.php\/wp-json\/wp\/v2\/comments?post=305"}],"version-history":[{"count":9,"href":"https:\/\/proxiscope.ricod.net\/index.php\/wp-json\/wp\/v2\/posts\/305\/revisions"}],"predecessor-version":[{"id":337,"href":"https:\/\/proxiscope.ricod.net\/index.php\/wp-json\/wp\/v2\/posts\/305\/revisions\/337"}],"wp:featuredmedia":[{"embeddable":true,"href":"https:\/\/proxiscope.ricod.net\/index.php\/wp-json\/wp\/v2\/media\/311"}],"wp:attachment":[{"href":"https:\/\/proxiscope.ricod.net\/index.php\/wp-json\/wp\/v2\/media?parent=305"}],"wp:term":[{"taxonomy":"category","embeddable":true,"href":"https:\/\/proxiscope.ricod.net\/index.php\/wp-json\/wp\/v2\/categories?post=305"},{"taxonomy":"post_tag","embeddable":true,"href":"https:\/\/proxiscope.ricod.net\/index.php\/wp-json\/wp\/v2\/tags?post=305"}],"curies":[{"name":"wp","href":"https:\/\/api.w.org\/{rel}","templated":true}]}}