{"id":201,"date":"2023-09-20T10:15:13","date_gmt":"2023-09-20T08:15:13","guid":{"rendered":"http:\/\/proxiscope.ricod.net\/?p=201"},"modified":"2023-09-27T09:22:30","modified_gmt":"2023-09-27T07:22:30","slug":"en-visite-chez-artisup-manufacture-de-proximite","status":"publish","type":"post","link":"https:\/\/proxiscope.ricod.net\/index.php\/2023\/09\/20\/en-visite-chez-artisup-manufacture-de-proximite\/","title":{"rendered":"En visite chez Artis&#8217;Up, manufacture de proximit\u00e9"},"content":{"rendered":"<figure class=\"wp-block-post-featured-image\"><img width=\"1024\" height=\"768\" src=\"https:\/\/proxiscope.ricod.net\/wp-content\/uploads\/2023\/09\/MicrosoftTeams-image-20.jpg\" class=\"attachment-post-thumbnail size-post-thumbnail wp-post-image\" alt=\"En visite chez Artis&#8217;Up, manufacture de proximit\u00e9\" loading=\"lazy\" srcset=\"https:\/\/proxiscope.ricod.net\/wp-content\/uploads\/2023\/09\/MicrosoftTeams-image-20.jpg 1024w, https:\/\/proxiscope.ricod.net\/wp-content\/uploads\/2023\/09\/MicrosoftTeams-image-20-300x225.jpg 300w, https:\/\/proxiscope.ricod.net\/wp-content\/uploads\/2023\/09\/MicrosoftTeams-image-20-768x576.jpg 768w\" sizes=\"(max-width: 1024px) 100vw, 1024px\" \/><\/figure>\n\n\n<p>En ce mois de juillet, la Chambre est calme avec les cong\u00e9s. Mais du c\u00f4t\u00e9 de la manufacture de proximit\u00e9 <a href=\"https:\/\/www.artis-up.fr\/\" target=\"_blank\" rel=\"noreferrer noopener\">Artis&#8217;Up<\/a>, les artisans sont en pleine effervescence. Nous avions invit\u00e9 Jean-Christophe lors des <a href=\"http:\/\/proxiscope.ricod.net\/index.php\/2023\/07\/05\/numerique-responsable-et-proximite\/\" target=\"_blank\" rel=\"noreferrer noopener\">Human Tech Days de la CMA CVL<\/a>. Ce jour-l\u00e0, nous le retrouvons entre deux r\u00e9unions de chantier : le site a entam\u00e9 sa mue d&#8217;une ancienne fabrique d&#8217;emballage vers un <a href=\"https:\/\/tierslieux.anct.gouv.fr\/fr\/les-manufactures-de-proximite-des-tiers-lieux-de-production\/\" target=\"_blank\" rel=\"noreferrer noopener\">Tiers-Lieux<\/a> qui accueillera diff\u00e9rents professionnels de la menuiserie, de la m\u00e9tallerie, et de la couture, mais pas uniquement. Cette transformation se joue, comme nous le constatons \u00e0 notre arriv\u00e9e, au croisement d&#8217;entreprises industrielles et artisanales du b\u00e2timent, de la m\u00e9tallurgie, dans une zone d&#8217;activit\u00e9 de Ch\u00e2teauroux. Un emplacement qui pourrait faciliter les projets cr\u00e9atifs au croisement de parcours et de savoir-faire multiples. Visite des lieux.<\/p>\n\n\n\n<h2>Espaces et activit\u00e9s coop\u00e9ratives<\/h2>\n\n\n\n<figure class=\"wp-block-image size-full\"><img loading=\"lazy\" width=\"1024\" height=\"768\" src=\"http:\/\/proxiscope.ricod.net\/wp-content\/uploads\/2023\/09\/MicrosoftTeams-image-23.jpg\" alt=\"\" class=\"wp-image-205\" srcset=\"https:\/\/proxiscope.ricod.net\/wp-content\/uploads\/2023\/09\/MicrosoftTeams-image-23.jpg 1024w, https:\/\/proxiscope.ricod.net\/wp-content\/uploads\/2023\/09\/MicrosoftTeams-image-23-300x225.jpg 300w, https:\/\/proxiscope.ricod.net\/wp-content\/uploads\/2023\/09\/MicrosoftTeams-image-23-768x576.jpg 768w\" sizes=\"(max-width: 1024px) 100vw, 1024px\" \/><\/figure>\n\n\n\n<p>La manufacture n&#8217;est pas encore ouverte, mais une communaut\u00e9 de m\u00e9tiers coop\u00e8re d\u00e9j\u00e0 pour terminer les travaux. La visite, qui retrace l&#8217;historique et les ambitions du projet, est ainsi ponctu\u00e9e d&#8217;\u00e9changes techniques avec les artisans sur place : Jean-Christophe v\u00e9rifie les branchements en passant, et en profite pour nous expliquer les \u00e9quipements \u00e9lectriques connect\u00e9s qui sont pr\u00e9vus. Il faut dire que le manufacturier est, entre autres, cuisiniste de m\u00e9tier : les chantiers sont un de ses environnements d&#8217;expertise, et il peut communiquer avec l&#8217;ensemble des professionnels sur place tout en faisant le lien avec le confort des r\u00e9sidents et les adaptations n\u00e9cessaires \u00e0 un usage raisonn\u00e9 de l&#8217;\u00e9nergie.<\/p>\n\n\n\n<p>Dans cet espace, co-habiteront bient\u00f4t des entrepreneurs, des associations, partageant mat\u00e9riel technique et num\u00e9rique. Ils croiseront des salari\u00e9s en formation ponctuelle, des artisans qui impriment leurs outils sp\u00e9cialis\u00e9s. Des designers et professionnels de la couture profiteront \u00e9galement des espaces de bureau et du grand atelier pr\u00e9vu pour leurs m\u00e9tiers.<strong> Les lieux sont tous reli\u00e9s dans l&#8217;enceinte de l&#8217;ancienne fabrique, avec des acc\u00e8s sp\u00e9cifiques et des usages \u00e0 faire vivre avec les r\u00e9sidents<\/strong>. Il y a les espaces chauds, les espaces froids (dans les ateliers de m\u00e9tallerie et de menuiserie), des espaces orient\u00e9s usages num\u00e9riques, et des espaces de vie, plus conviviaux. Sans oublier le grand patio ext\u00e9rieur et tout le n\u00e9cessaire pour cr\u00e9er des \u00e9v\u00e8nements professionnels, notamment une cuisine \u00e0 l&#8217;\u00e9quipement de qualit\u00e9.<\/p>\n\n\n\n<h2>R\u00e9seaux cr\u00e9atifs et intelligents<\/h2>\n\n\n\n<figure class=\"wp-block-image size-full\"><img loading=\"lazy\" width=\"1024\" height=\"768\" src=\"http:\/\/proxiscope.ricod.net\/wp-content\/uploads\/2023\/09\/MicrosoftTeams-image-21.jpg\" alt=\"\" class=\"wp-image-204\" srcset=\"https:\/\/proxiscope.ricod.net\/wp-content\/uploads\/2023\/09\/MicrosoftTeams-image-21.jpg 1024w, https:\/\/proxiscope.ricod.net\/wp-content\/uploads\/2023\/09\/MicrosoftTeams-image-21-300x225.jpg 300w, https:\/\/proxiscope.ricod.net\/wp-content\/uploads\/2023\/09\/MicrosoftTeams-image-21-768x576.jpg 768w\" sizes=\"(max-width: 1024px) 100vw, 1024px\" \/><\/figure>\n\n\n\n<p>La fabrique se veut pragmatique et ancr\u00e9e dans la r\u00e9alit\u00e9 des m\u00e9tiers, du territoire, et de ses r\u00e9sidents. Par exemple, une grande partie des plafonds et des sols r\u00e9-utilisent les mat\u00e9riaux existants, et la fourniture utilis\u00e9e est \u00e9galement constitu\u00e9e de meubles professionnels r\u00e9cup\u00e9r\u00e9s aupr\u00e8s d&#8217;une entreprise locale. <strong>A cette dimension de recyclage s&#8217;ajoute une gestion adapt\u00e9e de l&#8217;\u00e9nergie, li\u00e9e aux normes impos\u00e9es par la r\u00e8glementation mais ajoutant une gestion intelligente et centralis\u00e9e de la consommation. <\/strong>Des ambiances de couleurs unifient l&#8217;ensemble du site, et des acc\u00e8s par badge, eux-m\u00eames reli\u00e9s \u00e0 des <a href=\"https:\/\/openbadges.info\/tout-savoir-sur-les-open-badges\/\" target=\"_blank\" rel=\"noreferrer noopener\">open-badges<\/a>, permettront d&#8217;utiliser les machines sp\u00e9cialis\u00e9es, \u00e0 la condition d&#8217;avoir suivi les formations adapt\u00e9es, notamment pour des raisons de s\u00e9curit\u00e9.<\/p>\n\n\n\n<p>Enfin, les r\u00e9sidents acc\u00e8dent \u00e0 un service t\u00e9l\u00e9phonique mutualis\u00e9 lorsqu&#8217;ils sont sur site : les appels re\u00e7us sur une ligne fixe qui leur est attribu\u00e9e sont directement transf\u00e9r\u00e9s vers leur ligne mobile en leur pr\u00e9sence, avec la possibilit\u00e9 de profiter en plus d&#8217;un service de secr\u00e9tariat partag\u00e9. Autant d&#8217;id\u00e9es de service inspir\u00e9es par l&#8217;exp\u00e9rience m\u00e9tier du manufacturier et de son \u00e9quipe. Les activit\u00e9s et services de la manufacture continueront de s&#8217;enrichir avec l&#8217;arriv\u00e9e des r\u00e9sidents.<\/p>\n\n\n\n<h2>R\u00e9cits de co-construction<\/h2>\n\n\n\n<figure class=\"wp-block-image size-full\"><img loading=\"lazy\" width=\"1024\" height=\"768\" src=\"http:\/\/proxiscope.ricod.net\/wp-content\/uploads\/2023\/09\/MicrosoftTeams-image-22.jpg\" alt=\"\" class=\"wp-image-206\" srcset=\"https:\/\/proxiscope.ricod.net\/wp-content\/uploads\/2023\/09\/MicrosoftTeams-image-22.jpg 1024w, https:\/\/proxiscope.ricod.net\/wp-content\/uploads\/2023\/09\/MicrosoftTeams-image-22-300x225.jpg 300w, https:\/\/proxiscope.ricod.net\/wp-content\/uploads\/2023\/09\/MicrosoftTeams-image-22-768x576.jpg 768w\" sizes=\"(max-width: 1024px) 100vw, 1024px\" \/><\/figure>\n\n\n\n<p>La visite se fait ainsi le r\u00e9cit de diff\u00e9rents projets qui s&#8217;organisent et s&#8217;imaginent au fil des espaces :  activit\u00e9s possibles pour les artisans, \u00e9changes et convivialit\u00e9 avec les r\u00e9sidents, formations et projets innovants avec les partenaires \u00e9conomiques, associatifs et territoriaux. Les premi\u00e8res id\u00e9es de coop\u00e9ration avec les entreprises locales ont commenc\u00e9 : un prototype de support imprimable par la manufacture est en cours d&#8217;\u00e9laboration. Il nous semble int\u00e9ressant d&#8217;observer, dans l&#8217;acte de construction de ce lieu, ce qui pr\u00e9figure d\u00e9j\u00e0 de la coop\u00e9ration des m\u00e9tiers qui s&#8217;y installeront. D&#8217;ailleurs, la manufacture partage r\u00e9guli\u00e8rement sur <a href=\"https:\/\/www.linkedin.com\/company\/artisup\/\" target=\"_blank\" rel=\"noreferrer noopener\">LinkedIn<\/a> les r\u00e9cits photographiques de cet espace en co-construction. <\/p>\n","protected":false},"excerpt":{"rendered":"<p>En ce mois de juillet, la Chambre est calme avec les cong\u00e9s. Mais du c\u00f4t\u00e9 de la manufacture de proximit\u00e9 Artis&#8217;Up, les artisans sont en pleine&#46;&#46;&#46;<\/p>\n","protected":false},"author":1,"featured_media":207,"comment_status":"open","ping_status":"open","sticky":false,"template":"","format":"standard","meta":{"om_disable_all_campaigns":false},"categories":[17,9],"tags":[14,12],"_links":{"self":[{"href":"https:\/\/proxiscope.ricod.net\/index.php\/wp-json\/wp\/v2\/posts\/201"}],"collection":[{"href":"https:\/\/proxiscope.ricod.net\/index.php\/wp-json\/wp\/v2\/posts"}],"about":[{"href":"https:\/\/proxiscope.ricod.net\/index.php\/wp-json\/wp\/v2\/types\/post"}],"author":[{"embeddable":true,"href":"https:\/\/proxiscope.ricod.net\/index.php\/wp-json\/wp\/v2\/users\/1"}],"replies":[{"embeddable":true,"href":"https:\/\/proxiscope.ricod.net\/index.php\/wp-json\/wp\/v2\/comments?post=201"}],"version-history":[{"count":7,"href":"https:\/\/proxiscope.ricod.net\/index.php\/wp-json\/wp\/v2\/posts\/201\/revisions"}],"predecessor-version":[{"id":231,"href":"https:\/\/proxiscope.ricod.net\/index.php\/wp-json\/wp\/v2\/posts\/201\/revisions\/231"}],"wp:featuredmedia":[{"embeddable":true,"href":"https:\/\/proxiscope.ricod.net\/index.php\/wp-json\/wp\/v2\/media\/207"}],"wp:attachment":[{"href":"https:\/\/proxiscope.ricod.net\/index.php\/wp-json\/wp\/v2\/media?parent=201"}],"wp:term":[{"taxonomy":"category","embeddable":true,"href":"https:\/\/proxiscope.ricod.net\/index.php\/wp-json\/wp\/v2\/categories?post=201"},{"taxonomy":"post_tag","embeddable":true,"href":"https:\/\/proxiscope.ricod.net\/index.php\/wp-json\/wp\/v2\/tags?post=201"}],"curies":[{"name":"wp","href":"https:\/\/api.w.org\/{rel}","templated":true}]}}