{"id":118,"date":"2023-07-05T17:53:50","date_gmt":"2023-07-05T15:53:50","guid":{"rendered":"http:\/\/proxiscope.ricod.net\/?p=118"},"modified":"2023-07-07T14:21:15","modified_gmt":"2023-07-07T12:21:15","slug":"numerique-responsable-et-proximite","status":"publish","type":"post","link":"https:\/\/proxiscope.ricod.net\/index.php\/2023\/07\/05\/numerique-responsable-et-proximite\/","title":{"rendered":"Num\u00e9rique responsable et proximit\u00e9"},"content":{"rendered":"<figure class=\"wp-block-post-featured-image\"><img width=\"2560\" height=\"1920\" src=\"https:\/\/proxiscope.ricod.net\/wp-content\/uploads\/2023\/07\/IMG20230629123221-1-scaled.jpg\" class=\"attachment-post-thumbnail size-post-thumbnail wp-post-image\" alt=\"Num\u00e9rique responsable et proximit\u00e9\" loading=\"lazy\" srcset=\"https:\/\/proxiscope.ricod.net\/wp-content\/uploads\/2023\/07\/IMG20230629123221-1-scaled.jpg 2560w, https:\/\/proxiscope.ricod.net\/wp-content\/uploads\/2023\/07\/IMG20230629123221-1-300x225.jpg 300w, https:\/\/proxiscope.ricod.net\/wp-content\/uploads\/2023\/07\/IMG20230629123221-1-1024x768.jpg 1024w, https:\/\/proxiscope.ricod.net\/wp-content\/uploads\/2023\/07\/IMG20230629123221-1-768x576.jpg 768w, https:\/\/proxiscope.ricod.net\/wp-content\/uploads\/2023\/07\/IMG20230629123221-1-1536x1152.jpg 1536w, https:\/\/proxiscope.ricod.net\/wp-content\/uploads\/2023\/07\/IMG20230629123221-1-2048x1536.jpg 2048w\" sizes=\"(max-width: 2560px) 100vw, 2560px\" \/><\/figure>\n\n\n<p>Du 1er au 29 juin, la Chambre de M\u00e9tiers et de l&#8217;Artisanat Centre-Val de Loire a mis en place une s\u00e9rie d&#8217;\u00e9v\u00e8nements conviviaux autour du num\u00e9rique responsable et du r\u00e9-emploi, dans le cadre des <a href=\"http:\/\/proxiscope.ricod.net\/index.php\/2022\/11\/05\/human-tech-days\/\">Human Tech Days<\/a>. Plusieurs membres du <a href=\"http:\/\/proxiscope.ricod.net\/index.php\/2023\/01\/28\/co-construire-une-strategie-numerique-regionale\/\" target=\"_blank\" rel=\"noreferrer noopener\">Conseil R\u00e9gional du Num\u00e9rique<\/a> se sont joints \u00e0 ces initiatives, notamment le GIP Recia et NUMEUM. Quels liens avec l&#8217;artisanat ? A quoi ressemble un atelier de recyclage d&#8217;outils num\u00e9riques ? Comment bien g\u00e9rer sa facturation \u00e9lectronique ? Autant de probl\u00e9matiques vari\u00e9es et pratiques explor\u00e9es avec une cinquantaine de participants. Retour sur cette initiative de sensibilisation et d&#8217;\u00e9changes sur le num\u00e9rique responsable.<\/p>\n\n\n\n<h2>Num\u00e9rique responsable et artisanat<\/h2>\n\n\n\n<figure class=\"wp-block-image size-large\"><img loading=\"lazy\" width=\"1024\" height=\"768\" src=\"http:\/\/proxiscope.ricod.net\/wp-content\/uploads\/2023\/07\/20230601_101837-1024x768.jpg\" alt=\"\" class=\"wp-image-119\" srcset=\"https:\/\/proxiscope.ricod.net\/wp-content\/uploads\/2023\/07\/20230601_101837-1024x768.jpg 1024w, https:\/\/proxiscope.ricod.net\/wp-content\/uploads\/2023\/07\/20230601_101837-300x225.jpg 300w, https:\/\/proxiscope.ricod.net\/wp-content\/uploads\/2023\/07\/20230601_101837-768x576.jpg 768w, https:\/\/proxiscope.ricod.net\/wp-content\/uploads\/2023\/07\/20230601_101837-1536x1152.jpg 1536w, https:\/\/proxiscope.ricod.net\/wp-content\/uploads\/2023\/07\/20230601_101837.jpg 2000w\" sizes=\"(max-width: 1024px) 100vw, 1024px\" \/><figcaption>Conf\u00e9rence num\u00e9rique responsable et m\u00e9tiers de proximit\u00e9, le 1er juin 2023, \u00e0 Ch\u00e2teauroux<\/figcaption><\/figure>\n\n\n\n<p>Le parcours commence avec une premi\u00e8re conf\u00e9rence de sensibilisation au num\u00e9rique responsable. Une quinzaine de participants ont profit\u00e9 d&#8217;un petit d\u00e9jeuner ouvert \u00e0 tous pour \u00e9changer sur les initiatives locales autour des nouveaux m\u00e9tiers de l&#8217;artisanat. Quels nouveaux m\u00e9tiers ? Exemple avec <a href=\"https:\/\/www.artis-up.fr\/\" target=\"_blank\" rel=\"noreferrer noopener\">Artis&#8217;Up<\/a>, une manufacture de proximit\u00e9, qui \u00e9tait pr\u00e9sente pour partager ses futurs projets d&#8217;animation et accompagnement d&#8217;artisans, professionnels ou porteurs de projets. Celles et ceux qui souhaitent b\u00e9n\u00e9ficier de machines sp\u00e9cialis\u00e9es, comme des machines \u00e0 coudre capables de personnaliser les boutons \u00e0 la marque des artisans, ou encore une machine de d\u00e9coupe laser adapt\u00e9e pour le verre ou le miroir, pourront se retrouver dans un environnement complet et convivial d\u00e9di\u00e9 \u00e0 l&#8217;artisanat \u00e0 Ch\u00e2teauroux. <\/p>\n\n\n\n<p>Une approche qui r\u00e9pond \u00e0 point nomm\u00e9 aux liens identifi\u00e9s par le programme de recherche <a href=\"http:\/\/proxiscope.ricod.net\/index.php\/a-propos\/\">FabCVL<\/a>, pr\u00e9sent\u00e9 \u00e0 cette occasion. Que nous disent les r\u00e9sultats de cette recherche ? <strong>Les artisans, dans leur contexte d&#8217;organisation et dans un quotidien mouvement\u00e9 depuis la crise sanitaire, choisissent l&#8217;essentiel du num\u00e9rique : des <a href=\"http:\/\/proxiscope.ricod.net\/index.php\/2023\/04\/08\/inspiration-valeurs-et-co-creation-des-metiers-dart\/\">usages m\u00e9tiers<\/a> qui respectent leurs valeurs, savoir-faire, liens de proximit\u00e9 et moyens contraints. <\/strong>Pour rendre cette transition s\u00e9lective responsable, un cercle vertueux, qui inclut la cybers\u00e9curit\u00e9 et un usage raisonn\u00e9 des mat\u00e9riels et des donn\u00e9es, peut \u00eatre mis en place. <\/p>\n\n\n\n<h2>L&#8217;importance du r\u00e9-emploi<\/h2>\n\n\n\n<figure class=\"wp-block-image size-large\"><img loading=\"lazy\" width=\"1024\" height=\"768\" src=\"http:\/\/proxiscope.ricod.net\/wp-content\/uploads\/2023\/07\/MicrosoftTeams-image-11-1024x768.jpg\" alt=\"\" class=\"wp-image-120\" srcset=\"https:\/\/proxiscope.ricod.net\/wp-content\/uploads\/2023\/07\/MicrosoftTeams-image-11-1024x768.jpg 1024w, https:\/\/proxiscope.ricod.net\/wp-content\/uploads\/2023\/07\/MicrosoftTeams-image-11-300x225.jpg 300w, https:\/\/proxiscope.ricod.net\/wp-content\/uploads\/2023\/07\/MicrosoftTeams-image-11-768x576.jpg 768w, https:\/\/proxiscope.ricod.net\/wp-content\/uploads\/2023\/07\/MicrosoftTeams-image-11-1536x1152.jpg 1536w, https:\/\/proxiscope.ricod.net\/wp-content\/uploads\/2023\/07\/MicrosoftTeams-image-11.jpg 1770w\" sizes=\"(max-width: 1024px) 100vw, 1024px\" \/><figcaption>Visite de l&#8217;atelier ENVIE \u00e0 Ingr\u00e9 (45) le 15 juin 2023<\/figcaption><\/figure>\n\n\n\n<p><strong>Rien de tel qu&#8217;une visite sur site pour se rendre compte de l&#8217;impact positif du r\u00e9-emploi !<\/strong> Cette fois-ci, les participants d\u00e9couvrent un acteur particulier du r\u00e9-emploi situ\u00e9 \u00e0 Ingr\u00e9, <a href=\"https:\/\/orleans.envie.org\/\" target=\"_blank\" rel=\"noreferrer noopener\">ENVIE<\/a>, association qui oeuvre \u00e0 la r\u00e9insertion des publics en difficult\u00e9s, notamment par les m\u00e9tiers du recyclage et de l&#8217;\u00e9limination des petits mat\u00e9riels \u00e9lectroniques. ENVIE participe \u00e9galement \u00e0 la remise en \u00e9tat d&#8217;appareils \u00e9lectro-m\u00e9nagers, et a mis en place un service de flocage de v\u00eatements, pour proposer une gamme compl\u00e8te d&#8217;\u00e9quipement reconditionn\u00e9 dans un espace de vente d\u00e9di\u00e9. <\/p>\n\n\n\n<p>Pourquoi est-il important de mieux \u00e9liminer ou d&#8217;utiliser un \u00e9quipement num\u00e9rique re-conditionn\u00e9 ? Pour limiter l&#8217;utilisation de mat\u00e9riaux rares n\u00e9cessaires \u00e0 la production d&#8217;ordinateurs, smartphones ou produits \u00e9lectroniques neufs, et l&#8217;impact \u00e9cologique li\u00e9s \u00e0 l&#8217;extraction et au transport des \u00e9quipements du producteur jusqu&#8217;\u00e0 l&#8217;acheteur. Comme expliqu\u00e9 lors de la conf\u00e9rence du 1er juin, de nombreux appareils sont compatibles deux ou trois g\u00e9n\u00e9rations avant les derni\u00e8res versions mises sur le march\u00e9. La compatibilit\u00e9 des logiciels restant, pour les participants, un point crucial, notamment pour des raisons de s\u00e9curit\u00e9.<\/p>\n\n\n\n<h2>Place \u00e0 la pratique<\/h2>\n\n\n\n<figure class=\"wp-block-image size-large\"><img loading=\"lazy\" width=\"1024\" height=\"768\" src=\"http:\/\/proxiscope.ricod.net\/wp-content\/uploads\/2023\/07\/MicrosoftTeams-image-10-1024x768.jpg\" alt=\"\" class=\"wp-image-121\" srcset=\"https:\/\/proxiscope.ricod.net\/wp-content\/uploads\/2023\/07\/MicrosoftTeams-image-10-1024x768.jpg 1024w, https:\/\/proxiscope.ricod.net\/wp-content\/uploads\/2023\/07\/MicrosoftTeams-image-10-300x225.jpg 300w, https:\/\/proxiscope.ricod.net\/wp-content\/uploads\/2023\/07\/MicrosoftTeams-image-10-768x576.jpg 768w, https:\/\/proxiscope.ricod.net\/wp-content\/uploads\/2023\/07\/MicrosoftTeams-image-10-1536x1152.jpg 1536w, https:\/\/proxiscope.ricod.net\/wp-content\/uploads\/2023\/07\/MicrosoftTeams-image-10.jpg 2000w\" sizes=\"(max-width: 1024px) 100vw, 1024px\" \/><figcaption>Ateliers pratiques au si\u00e8ge du GIP Recia le 29 juin 2023 \u00e0 Orl\u00e9ans (45)<\/figcaption><\/figure>\n\n\n\n<p>Sur ces bons conseils, une vingtaine de participants se retrouvent lors d&#8217;ateliers pratiques organis\u00e9s au GIP Recia. Au menu de cette matin\u00e9e : des \u00e9changes sur la fili\u00e8re du r\u00e9-emploi explor\u00e9e par EMMAUS CONNECT et un r\u00e9seau d&#8217;acteurs locaux, avec en ligne de mire le parc de mat\u00e9riel informatique de l&#8217;ensemble des entreprises et institutions publiques au niveau r\u00e9gional dont il faudra g\u00e9rer le r\u00e9-emploi et le remplacement de mani\u00e8re responsable. Quels liens et r\u00e9seaux mettre en place pour y arriver ? <a href=\"https:\/\/lacollecte.tech\/\" target=\"_blank\" rel=\"noreferrer noopener\">La Collectech,<\/a> par exemple, permet l&#8217;\u00e9quipement de publics \u00e9loign\u00e9s du num\u00e9rique avec du mat\u00e9riel issu des organisations locales.<\/p>\n\n\n\n<p>Les ateliers ont ensuite fait place \u00e0 trois th\u00e9matiques cl\u00e9s du fameux &#8220;cercle vertueux&#8221; d&#8217;un num\u00e9rique responsable respectueux de l&#8217;humain et de l&#8217;environnement :<\/p>\n\n\n\n<ul><li><strong>La facturation \u00e9lectronique,<\/strong> pr\u00e9sent\u00e9e par Cerfrance Alliance Centre, pour bien comprendre le cycle de facturation d\u00e9mat\u00e9rialis\u00e9, les changements organisationnels \u00e0 anticiper et la feuille de route du d\u00e9ploiement \u00e0 partir de 2024 pour les grandes entreprises<\/li><li><strong>Le tri dans ses donn\u00e9es, <\/strong>avec des outils pratiques pour mesurer son &#8220;infob\u00e9sit\u00e9&#8221; et des astuces quotidiennes pour faire maigrir sa bo\u00eete mail et son espace de stockage personnel. Le tout prodigu\u00e9 par la CMA CVL<\/li><li><strong>La cybers\u00e9curit\u00e9<\/strong> avec le dispositif CybeR\u00e9ponse pr\u00e9sent\u00e9 par le GIP Recia, avec les contacts cl\u00e9 en cas d&#8217;attaque et une proc\u00e9dure rapide de proximit\u00e9 pour se d\u00e9fendre ou se prot\u00e9ger.<\/li><\/ul>\n\n\n\n<p>Retrouvez notre <a href=\"http:\/\/proxiscope.ricod.net\/index.php\/boite-a-outils-dinnovation-responsable\/\" target=\"_blank\" rel=\"noreferrer noopener\">bo\u00eete \u00e0 outils<\/a> pour en savoir plus.<\/p>\n\n\n\n<h2>Num\u00e9rique responsable et proximit\u00e9<\/h2>\n\n\n\n<p><strong>Cette toute premi\u00e8re \u00e9dition des Human Tech Days port\u00e9e par la CMA CVL a \u00e9t\u00e9 l&#8217;occasion d&#8217;\u00e9changes entre professionnels convaincus d&#8217;un changement n\u00e9cessaire de nos usages.<\/strong> Le tout \u00e9tant de rendre ce changement accessible \u00e0 tous : par la pratique, les \u00e9changes cibl\u00e9s et constructifs, et des projets qui se dessinent entre les diff\u00e9rents participants suite \u00e0 ces rencontres. S&#8217;il fallait d\u00e9finir le num\u00e9rique responsable au regard des discussions abord\u00e9es par les acteurs pr\u00e9sents, il serait surtout un num\u00e9rique pragmatique, adapt\u00e9 aux activit\u00e9s de proximit\u00e9 et \u00e0 leurs \u00e9volutions de m\u00e9tiers, cr\u00e9ateur de liens et de confiance.<\/p>\n","protected":false},"excerpt":{"rendered":"<p>Du 1er au 29 juin, la Chambre de M\u00e9tiers et de l&#8217;Artisanat Centre-Val de Loire a mis en place une s\u00e9rie d&#8217;\u00e9v\u00e8nements conviviaux autour du num\u00e9rique&#46;&#46;&#46;<\/p>\n","protected":false},"author":1,"featured_media":125,"comment_status":"open","ping_status":"open","sticky":false,"template":"","format":"standard","meta":{"om_disable_all_campaigns":false},"categories":[17,6],"tags":[],"_links":{"self":[{"href":"https:\/\/proxiscope.ricod.net\/index.php\/wp-json\/wp\/v2\/posts\/118"}],"collection":[{"href":"https:\/\/proxiscope.ricod.net\/index.php\/wp-json\/wp\/v2\/posts"}],"about":[{"href":"https:\/\/proxiscope.ricod.net\/index.php\/wp-json\/wp\/v2\/types\/post"}],"author":[{"embeddable":true,"href":"https:\/\/proxiscope.ricod.net\/index.php\/wp-json\/wp\/v2\/users\/1"}],"replies":[{"embeddable":true,"href":"https:\/\/proxiscope.ricod.net\/index.php\/wp-json\/wp\/v2\/comments?post=118"}],"version-history":[{"count":9,"href":"https:\/\/proxiscope.ricod.net\/index.php\/wp-json\/wp\/v2\/posts\/118\/revisions"}],"predecessor-version":[{"id":161,"href":"https:\/\/proxiscope.ricod.net\/index.php\/wp-json\/wp\/v2\/posts\/118\/revisions\/161"}],"wp:featuredmedia":[{"embeddable":true,"href":"https:\/\/proxiscope.ricod.net\/index.php\/wp-json\/wp\/v2\/media\/125"}],"wp:attachment":[{"href":"https:\/\/proxiscope.ricod.net\/index.php\/wp-json\/wp\/v2\/media?parent=118"}],"wp:term":[{"taxonomy":"category","embeddable":true,"href":"https:\/\/proxiscope.ricod.net\/index.php\/wp-json\/wp\/v2\/categories?post=118"},{"taxonomy":"post_tag","embeddable":true,"href":"https:\/\/proxiscope.ricod.net\/index.php\/wp-json\/wp\/v2\/tags?post=118"}],"curies":[{"name":"wp","href":"https:\/\/api.w.org\/{rel}","templated":true}]}}